{"id":2350,"date":"2024-07-05T10:20:49","date_gmt":"2024-07-05T10:20:49","guid":{"rendered":"https:\/\/staging4.team99.it\/dici-2030-la-moitie-des-voitures-devraient-etre-electriques\/"},"modified":"2024-07-05T10:20:49","modified_gmt":"2024-07-05T10:20:49","slug":"dici-2030-la-moitie-des-voitures-devraient-etre-electriques","status":"publish","type":"post","link":"https:\/\/capner.lu\/en\/dici-2030-la-moitie-des-voitures-devraient-etre-electriques\/","title":{"rendered":"D&#8217;ici 2030, la moiti\u00e9 des voitures devraient \u00eatre \u00e9lectriques"},"content":{"rendered":"\n<p class=\"\">Pour encourager l&#8217;achat de v\u00e9hicules \u00e9lectriques et renforcer les mesures environnementales, le Luxembourg cherche des solutions face \u00e0 la pollution automobile, devenue un enjeu majeur pour le gouvernement.<br>La mobilit\u00e9 est cruciale pour l&#8217;environnement et l&#8217;\u00e9conomie du Luxembourg. Situ\u00e9 au carrefour des principaux axes de transport de marchandises et \u00e9tant un p\u00f4le d&#8217;attractivit\u00e9 pour l&#8217;emploi dans la Grande R\u00e9gion, le Luxembourg accueille un important trafic routier de transit et plus de 200 000 travailleurs transfrontaliers chaque jour.<br>Plus de 44 % des emplois sont occup\u00e9s par des r\u00e9sidents des pays voisins, ce qui entra\u00eene une saturation des routes et une aggravation de la pollution de l&#8217;air. Plus de la moiti\u00e9 des \u00e9missions de gaz \u00e0 effet de serre proviennent des transports, qui restent les plus gros consommateurs d&#8217;\u00e9nergie du pays. Les co\u00fbts externes des transports \u2013 incluant les co\u00fbts sociaux de la pollution de l&#8217;air, ceux li\u00e9s au changement climatique, \u00e0 la d\u00e9gradation des habitats, au bruit, aux accidents et \u00e0 la congestion \u2013 sont \u00e9lev\u00e9s.<\/p>\n\n\n\n<p class=\"\"><br><strong>Am\u00e9liorer la qualit\u00e9 de l&#8217;air<\/strong><br>Bien que la part des transports routiers dans les \u00e9missions totales ait significativement baiss\u00e9 entre 2005 et 2017, ils repr\u00e9sentaient encore en 2017 la principale source d&#8217;\u00e9missions de NOx (58 %), de PM2.5 (32 %) et de CO (38 %). Une grande partie de ces \u00e9missions provient des non-r\u00e9sidents.<br>La qualit\u00e9 de l&#8217;air s&#8217;est globalement am\u00e9lior\u00e9e, avec une diminution de l&#8217;exposition moyenne de la population aux particules fines (PM2.5) de 17 % depuis 2005. Les concentrations de PM2.5 ont baiss\u00e9 et se situent d\u00e9sormais \u00e0 la limite de la valeur recommand\u00e9e par l&#8217;Organisation Mondiale de la Sant\u00e9, soit 10 microgrammes\/m\u00b3.<\/p>\n\n\n\n<p class=\"\"><br><strong>Domination des transports routiers<\/strong><br>Toutefois, des efforts suppl\u00e9mentaires sont n\u00e9cessaires pour \u00e9liminer les zones de pollution locales restantes, r\u00e9duire encore l&#8217;exposition aux particules fines et respecter les plafonds d&#8217;\u00e9missions fix\u00e9s pour 2030. Comme dans beaucoup de pays, les transports routiers dominent la mobilit\u00e9 au Luxembourg, avec une majorit\u00e9 de d\u00e9placements personnels effectu\u00e9s en voiture. Le taux de motorisation est le plus \u00e9lev\u00e9 d&#8217;Europe, avec plus de 600 voitures pour 1 000 habitants.<br>Bien que le parc automobile soit relativement jeune, il pr\u00e9sente une cylindr\u00e9e moyenne sup\u00e9rieure \u00e0 celle d&#8217;autres pays. Les ventes de carburant par habitant sont nettement plus \u00e9lev\u00e9es au Luxembourg que la moyenne de l&#8217;OCDE, environ 70 % des carburants \u00e9tant achet\u00e9s par des automobilistes \u00e9trangers profitant d&#8217;une fiscalit\u00e9 avantageuse.<\/p>\n\n\n\n<p class=\"\"><br><strong>Investissements du Luxembourg<\/strong><br>Entre 2015 et 2019, le Luxembourg a investi environ 1,8 milliard d&#8217;euros dans les infrastructures et les services de transport en commun : construction d&#8217;une premi\u00e8re ligne de tramway, cr\u00e9ation de nouveaux couloirs de bus, achat de bus \u00e0 faibles \u00e9missions, augmentation du nombre de parcs relais et d\u00e9veloppement de nouveaux syst\u00e8mes de donn\u00e9es pour fournir des informations en temps r\u00e9el aux passagers. Le pays a \u00e9galement investi dans des plateformes multimodales et des pistes cyclables.<\/p>\n\n\n\n<p class=\"\"><br><strong>Transports gratuits<\/strong><br>Depuis mars 2020, les transports publics sont gratuits sur tout le territoire national, pour encourager le passage de la voiture aux transports collectifs et aux mobilit\u00e9s douces.<\/p>\n\n\n\n<p class=\"\"><br><strong>Promotion des v\u00e9hicules \u00e9lectriques<\/strong><br>L&#8217;achat de v\u00e9hicules \u00e9lectriques est soutenu par des incitations financi\u00e8res et un vaste r\u00e9seau de bornes de recharge est en cours de d\u00e9ploiement. L&#8217;objectif est d&#8217;atteindre un parc automobile compos\u00e9 \u00e0 50 % de v\u00e9hicules \u00e9lectriques d&#8217;ici 2030.<\/p>\n\n\n\n<p class=\"\"><br><strong>Renforcement de la mobilit\u00e9 douce<\/strong><br>Pour atteindre ses objectifs de mobilit\u00e9 durable, l&#8217;\u00c9tat devra engager tous les acteurs \u2013 communes, employeurs, citoyens \u2013 et collaborer efficacement avec les pays voisins. Il devra aussi exploiter les synergies entre les mesures concernant les transports, le logement, l&#8217;am\u00e9nagement du territoire, la qualit\u00e9 de l&#8217;air, le climat et l&#8217;efficacit\u00e9 \u00e9nerg\u00e9tique, et r\u00e9viser l&#8217;ensemble des instruments \u00e9conomiques applicables aux transports (taxes sur les carburants, subventions et taxes sur les v\u00e9hicules, taxes sur les voitures de soci\u00e9t\u00e9, indemnit\u00e9s de d\u00e9placement domicile-travail, redevances routi\u00e8res).<\/p>\n\n\n\n<p class=\"\"><strong>Source :<\/strong> <a href=\"https:\/\/www.lesfrontaliers.lu\/mobilite\/la-moitie-du-parc-automobile-devrait-etre-constituee-de-vehicules-electriques-dici-2030\/\" target=\"_blank\" rel=\"noreferrer noopener\">www.lesfrontaliers.lu<\/a><\/p>\n","protected":false},"excerpt":{"rendered":"<p>Pour encourager l&#8217;achat de v\u00e9hicules \u00e9lectriques et renforcer les mesures environnementales, le Luxembourg cherche des solutions face \u00e0 la pollution automobile, devenue un enjeu majeur pour le gouvernement.La mobilit\u00e9 est cruciale pour l&#8217;environnement et l&#8217;\u00e9conomie du Luxembourg. Situ\u00e9 au carrefour des principaux axes de transport de marchandises et \u00e9tant un p\u00f4le d&#8217;attractivit\u00e9 pour l&#8217;emploi dans [&hellip;]<\/p>\n","protected":false},"author":2,"featured_media":2351,"comment_status":"open","ping_status":"open","sticky":false,"template":"","format":"standard","meta":{"_acf_changed":false,"footnotes":""},"categories":[33],"tags":[],"class_list":["post-2350","post","type-post","status-publish","format-standard","has-post-thumbnail","hentry","category-news"],"yoast_head":"<!-- This site is optimized with the Yoast SEO plugin v27.5 - https:\/\/yoast.com\/product\/yoast-seo-wordpress\/ -->\n<title>D&#039;ici 2030, la moiti\u00e9 des voitures devraient \u00eatre \u00e9lectriques - Capner LU<\/title>\n<meta name=\"robots\" content=\"index, follow, max-snippet:-1, max-image-preview:large, max-video-preview:-1\" \/>\n<link rel=\"canonical\" href=\"https:\/\/capner.lu\/en\/dici-2030-la-moitie-des-voitures-devraient-etre-electriques\/\" \/>\n<meta property=\"og:locale\" content=\"en_US\" \/>\n<meta property=\"og:type\" content=\"article\" \/>\n<meta property=\"og:title\" content=\"D&#039;ici 2030, la moiti\u00e9 des voitures devraient \u00eatre \u00e9lectriques - Capner LU\" \/>\n<meta property=\"og:description\" content=\"Pour encourager l&#8217;achat de v\u00e9hicules \u00e9lectriques et renforcer les mesures environnementales, le Luxembourg cherche des solutions face \u00e0 la pollution automobile, devenue un enjeu majeur pour le gouvernement.La mobilit\u00e9 est cruciale pour l&#8217;environnement et l&#8217;\u00e9conomie du Luxembourg. Situ\u00e9 au carrefour des principaux axes de transport de marchandises et \u00e9tant un p\u00f4le d&#8217;attractivit\u00e9 pour l&#8217;emploi dans [&hellip;]\" \/>\n<meta property=\"og:url\" content=\"https:\/\/capner.lu\/en\/dici-2030-la-moitie-des-voitures-devraient-etre-electriques\/\" \/>\n<meta property=\"og:site_name\" content=\"Capner LU\" \/>\n<meta property=\"article:published_time\" content=\"2024-07-05T10:20:49+00:00\" \/>\n<meta property=\"og:image\" content=\"https:\/\/capner.lu\/wp-content\/uploads\/sites\/9\/2025\/05\/capner_luxembourg_blog_03-1.jpg\" \/>\n\t<meta property=\"og:image:width\" content=\"2000\" \/>\n\t<meta property=\"og:image:height\" content=\"1331\" \/>\n\t<meta property=\"og:image:type\" content=\"image\/jpeg\" \/>\n<meta name=\"author\" content=\"Capner\" \/>\n<meta name=\"twitter:card\" content=\"summary_large_image\" \/>\n<meta name=\"twitter:label1\" content=\"Written by\" \/>\n\t<meta name=\"twitter:data1\" content=\"Capner\" \/>\n\t<meta name=\"twitter:label2\" content=\"Est. reading time\" \/>\n\t<meta name=\"twitter:data2\" content=\"3 minutes\" \/>\n<script type=\"application\/ld+json\" class=\"yoast-schema-graph\">{\"@context\":\"https:\\\/\\\/schema.org\",\"@graph\":[{\"@type\":\"Article\",\"@id\":\"https:\\\/\\\/capner.lu\\\/en\\\/dici-2030-la-moitie-des-voitures-devraient-etre-electriques\\\/#article\",\"isPartOf\":{\"@id\":\"https:\\\/\\\/capner.lu\\\/en\\\/dici-2030-la-moitie-des-voitures-devraient-etre-electriques\\\/\"},\"author\":{\"name\":\"Capner\",\"@id\":\"https:\\\/\\\/capner.lu\\\/en\\\/#\\\/schema\\\/person\\\/7d4a56d2e3e5757766f5ed32bc1839a0\"},\"headline\":\"D&#8217;ici 2030, la moiti\u00e9 des voitures devraient \u00eatre \u00e9lectriques\",\"datePublished\":\"2024-07-05T10:20:49+00:00\",\"mainEntityOfPage\":{\"@id\":\"https:\\\/\\\/capner.lu\\\/en\\\/dici-2030-la-moitie-des-voitures-devraient-etre-electriques\\\/\"},\"wordCount\":682,\"commentCount\":0,\"publisher\":{\"@id\":\"https:\\\/\\\/capner.lu\\\/en\\\/#organization\"},\"image\":{\"@id\":\"https:\\\/\\\/capner.lu\\\/en\\\/dici-2030-la-moitie-des-voitures-devraient-etre-electriques\\\/#primaryimage\"},\"thumbnailUrl\":\"https:\\\/\\\/capner.lu\\\/wp-content\\\/uploads\\\/sites\\\/9\\\/2025\\\/05\\\/capner_luxembourg_blog_03-1.jpg\",\"articleSection\":[\"News\"],\"inLanguage\":\"en-US\",\"potentialAction\":[{\"@type\":\"CommentAction\",\"name\":\"Comment\",\"target\":[\"https:\\\/\\\/capner.lu\\\/en\\\/dici-2030-la-moitie-des-voitures-devraient-etre-electriques\\\/#respond\"]}]},{\"@type\":\"WebPage\",\"@id\":\"https:\\\/\\\/capner.lu\\\/en\\\/dici-2030-la-moitie-des-voitures-devraient-etre-electriques\\\/\",\"url\":\"https:\\\/\\\/capner.lu\\\/en\\\/dici-2030-la-moitie-des-voitures-devraient-etre-electriques\\\/\",\"name\":\"D'ici 2030, la moiti\u00e9 des voitures devraient \u00eatre \u00e9lectriques - Capner LU\",\"isPartOf\":{\"@id\":\"https:\\\/\\\/capner.lu\\\/en\\\/#website\"},\"primaryImageOfPage\":{\"@id\":\"https:\\\/\\\/capner.lu\\\/en\\\/dici-2030-la-moitie-des-voitures-devraient-etre-electriques\\\/#primaryimage\"},\"image\":{\"@id\":\"https:\\\/\\\/capner.lu\\\/en\\\/dici-2030-la-moitie-des-voitures-devraient-etre-electriques\\\/#primaryimage\"},\"thumbnailUrl\":\"https:\\\/\\\/capner.lu\\\/wp-content\\\/uploads\\\/sites\\\/9\\\/2025\\\/05\\\/capner_luxembourg_blog_03-1.jpg\",\"datePublished\":\"2024-07-05T10:20:49+00:00\",\"breadcrumb\":{\"@id\":\"https:\\\/\\\/capner.lu\\\/en\\\/dici-2030-la-moitie-des-voitures-devraient-etre-electriques\\\/#breadcrumb\"},\"inLanguage\":\"en-US\",\"potentialAction\":[{\"@type\":\"ReadAction\",\"target\":[\"https:\\\/\\\/capner.lu\\\/en\\\/dici-2030-la-moitie-des-voitures-devraient-etre-electriques\\\/\"]}]},{\"@type\":\"ImageObject\",\"inLanguage\":\"en-US\",\"@id\":\"https:\\\/\\\/capner.lu\\\/en\\\/dici-2030-la-moitie-des-voitures-devraient-etre-electriques\\\/#primaryimage\",\"url\":\"https:\\\/\\\/capner.lu\\\/wp-content\\\/uploads\\\/sites\\\/9\\\/2025\\\/05\\\/capner_luxembourg_blog_03-1.jpg\",\"contentUrl\":\"https:\\\/\\\/capner.lu\\\/wp-content\\\/uploads\\\/sites\\\/9\\\/2025\\\/05\\\/capner_luxembourg_blog_03-1.jpg\",\"width\":2000,\"height\":1331},{\"@type\":\"BreadcrumbList\",\"@id\":\"https:\\\/\\\/capner.lu\\\/en\\\/dici-2030-la-moitie-des-voitures-devraient-etre-electriques\\\/#breadcrumb\",\"itemListElement\":[{\"@type\":\"ListItem\",\"position\":1,\"name\":\"Home\",\"item\":\"https:\\\/\\\/capner.lu\\\/en\\\/\"},{\"@type\":\"ListItem\",\"position\":2,\"name\":\"D&rsquo;ici 2030, la moiti\u00e9 des voitures devraient \u00eatre \u00e9lectriques\"}]},{\"@type\":\"WebSite\",\"@id\":\"https:\\\/\\\/capner.lu\\\/en\\\/#website\",\"url\":\"https:\\\/\\\/capner.lu\\\/en\\\/\",\"name\":\"Capner LU\",\"description\":\"A world of possibilities\",\"publisher\":{\"@id\":\"https:\\\/\\\/capner.lu\\\/en\\\/#organization\"},\"potentialAction\":[{\"@type\":\"SearchAction\",\"target\":{\"@type\":\"EntryPoint\",\"urlTemplate\":\"https:\\\/\\\/capner.lu\\\/en\\\/?s={search_term_string}\"},\"query-input\":{\"@type\":\"PropertyValueSpecification\",\"valueRequired\":true,\"valueName\":\"search_term_string\"}}],\"inLanguage\":\"en-US\"},{\"@type\":\"Organization\",\"@id\":\"https:\\\/\\\/capner.lu\\\/en\\\/#organization\",\"name\":\"Capner LU\",\"url\":\"https:\\\/\\\/capner.lu\\\/en\\\/\",\"logo\":{\"@type\":\"ImageObject\",\"inLanguage\":\"en-US\",\"@id\":\"https:\\\/\\\/capner.lu\\\/en\\\/#\\\/schema\\\/logo\\\/image\\\/\",\"url\":\"https:\\\/\\\/capner.lu\\\/wp-content\\\/uploads\\\/sites\\\/9\\\/2025\\\/02\\\/capner-logo-svg.svg\",\"contentUrl\":\"https:\\\/\\\/capner.lu\\\/wp-content\\\/uploads\\\/sites\\\/9\\\/2025\\\/02\\\/capner-logo-svg.svg\",\"caption\":\"Capner LU\"},\"image\":{\"@id\":\"https:\\\/\\\/capner.lu\\\/en\\\/#\\\/schema\\\/logo\\\/image\\\/\"}},{\"@type\":\"Person\",\"@id\":\"https:\\\/\\\/capner.lu\\\/en\\\/#\\\/schema\\\/person\\\/7d4a56d2e3e5757766f5ed32bc1839a0\",\"name\":\"Capner\",\"image\":{\"@type\":\"ImageObject\",\"inLanguage\":\"en-US\",\"@id\":\"https:\\\/\\\/secure.gravatar.com\\\/avatar\\\/25d23b919730d994ef93eda2354affad8665dba581d918f724e847620e70ffc0?s=96&d=mm&r=g\",\"url\":\"https:\\\/\\\/secure.gravatar.com\\\/avatar\\\/25d23b919730d994ef93eda2354affad8665dba581d918f724e847620e70ffc0?s=96&d=mm&r=g\",\"contentUrl\":\"https:\\\/\\\/secure.gravatar.com\\\/avatar\\\/25d23b919730d994ef93eda2354affad8665dba581d918f724e847620e70ffc0?s=96&d=mm&r=g\",\"caption\":\"Capner\"},\"sameAs\":[\"https:\\\/\\\/staging4.team99.it\"],\"url\":\"https:\\\/\\\/capner.lu\\\/en\\\/author\\\/team99-2-2\\\/\"}]}<\/script>\n<!-- \/ Yoast SEO plugin. -->","yoast_head_json":{"title":"D'ici 2030, la moiti\u00e9 des voitures devraient \u00eatre \u00e9lectriques - Capner LU","robots":{"index":"index","follow":"follow","max-snippet":"max-snippet:-1","max-image-preview":"max-image-preview:large","max-video-preview":"max-video-preview:-1"},"canonical":"https:\/\/capner.lu\/en\/dici-2030-la-moitie-des-voitures-devraient-etre-electriques\/","og_locale":"en_US","og_type":"article","og_title":"D'ici 2030, la moiti\u00e9 des voitures devraient \u00eatre \u00e9lectriques - Capner LU","og_description":"Pour encourager l&#8217;achat de v\u00e9hicules \u00e9lectriques et renforcer les mesures environnementales, le Luxembourg cherche des solutions face \u00e0 la pollution automobile, devenue un enjeu majeur pour le gouvernement.La mobilit\u00e9 est cruciale pour l&#8217;environnement et l&#8217;\u00e9conomie du Luxembourg. Situ\u00e9 au carrefour des principaux axes de transport de marchandises et \u00e9tant un p\u00f4le d&#8217;attractivit\u00e9 pour l&#8217;emploi dans [&hellip;]","og_url":"https:\/\/capner.lu\/en\/dici-2030-la-moitie-des-voitures-devraient-etre-electriques\/","og_site_name":"Capner LU","article_published_time":"2024-07-05T10:20:49+00:00","og_image":[{"width":2000,"height":1331,"url":"https:\/\/capner.lu\/wp-content\/uploads\/sites\/9\/2025\/05\/capner_luxembourg_blog_03-1.jpg","type":"image\/jpeg"}],"author":"Capner","twitter_card":"summary_large_image","twitter_misc":{"Written by":"Capner","Est. reading time":"3 minutes"},"schema":{"@context":"https:\/\/schema.org","@graph":[{"@type":"Article","@id":"https:\/\/capner.lu\/en\/dici-2030-la-moitie-des-voitures-devraient-etre-electriques\/#article","isPartOf":{"@id":"https:\/\/capner.lu\/en\/dici-2030-la-moitie-des-voitures-devraient-etre-electriques\/"},"author":{"name":"Capner","@id":"https:\/\/capner.lu\/en\/#\/schema\/person\/7d4a56d2e3e5757766f5ed32bc1839a0"},"headline":"D&#8217;ici 2030, la moiti\u00e9 des voitures devraient \u00eatre \u00e9lectriques","datePublished":"2024-07-05T10:20:49+00:00","mainEntityOfPage":{"@id":"https:\/\/capner.lu\/en\/dici-2030-la-moitie-des-voitures-devraient-etre-electriques\/"},"wordCount":682,"commentCount":0,"publisher":{"@id":"https:\/\/capner.lu\/en\/#organization"},"image":{"@id":"https:\/\/capner.lu\/en\/dici-2030-la-moitie-des-voitures-devraient-etre-electriques\/#primaryimage"},"thumbnailUrl":"https:\/\/capner.lu\/wp-content\/uploads\/sites\/9\/2025\/05\/capner_luxembourg_blog_03-1.jpg","articleSection":["News"],"inLanguage":"en-US","potentialAction":[{"@type":"CommentAction","name":"Comment","target":["https:\/\/capner.lu\/en\/dici-2030-la-moitie-des-voitures-devraient-etre-electriques\/#respond"]}]},{"@type":"WebPage","@id":"https:\/\/capner.lu\/en\/dici-2030-la-moitie-des-voitures-devraient-etre-electriques\/","url":"https:\/\/capner.lu\/en\/dici-2030-la-moitie-des-voitures-devraient-etre-electriques\/","name":"D'ici 2030, la moiti\u00e9 des voitures devraient \u00eatre \u00e9lectriques - Capner LU","isPartOf":{"@id":"https:\/\/capner.lu\/en\/#website"},"primaryImageOfPage":{"@id":"https:\/\/capner.lu\/en\/dici-2030-la-moitie-des-voitures-devraient-etre-electriques\/#primaryimage"},"image":{"@id":"https:\/\/capner.lu\/en\/dici-2030-la-moitie-des-voitures-devraient-etre-electriques\/#primaryimage"},"thumbnailUrl":"https:\/\/capner.lu\/wp-content\/uploads\/sites\/9\/2025\/05\/capner_luxembourg_blog_03-1.jpg","datePublished":"2024-07-05T10:20:49+00:00","breadcrumb":{"@id":"https:\/\/capner.lu\/en\/dici-2030-la-moitie-des-voitures-devraient-etre-electriques\/#breadcrumb"},"inLanguage":"en-US","potentialAction":[{"@type":"ReadAction","target":["https:\/\/capner.lu\/en\/dici-2030-la-moitie-des-voitures-devraient-etre-electriques\/"]}]},{"@type":"ImageObject","inLanguage":"en-US","@id":"https:\/\/capner.lu\/en\/dici-2030-la-moitie-des-voitures-devraient-etre-electriques\/#primaryimage","url":"https:\/\/capner.lu\/wp-content\/uploads\/sites\/9\/2025\/05\/capner_luxembourg_blog_03-1.jpg","contentUrl":"https:\/\/capner.lu\/wp-content\/uploads\/sites\/9\/2025\/05\/capner_luxembourg_blog_03-1.jpg","width":2000,"height":1331},{"@type":"BreadcrumbList","@id":"https:\/\/capner.lu\/en\/dici-2030-la-moitie-des-voitures-devraient-etre-electriques\/#breadcrumb","itemListElement":[{"@type":"ListItem","position":1,"name":"Home","item":"https:\/\/capner.lu\/en\/"},{"@type":"ListItem","position":2,"name":"D&rsquo;ici 2030, la moiti\u00e9 des voitures devraient \u00eatre \u00e9lectriques"}]},{"@type":"WebSite","@id":"https:\/\/capner.lu\/en\/#website","url":"https:\/\/capner.lu\/en\/","name":"Capner LU","description":"A world of possibilities","publisher":{"@id":"https:\/\/capner.lu\/en\/#organization"},"potentialAction":[{"@type":"SearchAction","target":{"@type":"EntryPoint","urlTemplate":"https:\/\/capner.lu\/en\/?s={search_term_string}"},"query-input":{"@type":"PropertyValueSpecification","valueRequired":true,"valueName":"search_term_string"}}],"inLanguage":"en-US"},{"@type":"Organization","@id":"https:\/\/capner.lu\/en\/#organization","name":"Capner LU","url":"https:\/\/capner.lu\/en\/","logo":{"@type":"ImageObject","inLanguage":"en-US","@id":"https:\/\/capner.lu\/en\/#\/schema\/logo\/image\/","url":"https:\/\/capner.lu\/wp-content\/uploads\/sites\/9\/2025\/02\/capner-logo-svg.svg","contentUrl":"https:\/\/capner.lu\/wp-content\/uploads\/sites\/9\/2025\/02\/capner-logo-svg.svg","caption":"Capner LU"},"image":{"@id":"https:\/\/capner.lu\/en\/#\/schema\/logo\/image\/"}},{"@type":"Person","@id":"https:\/\/capner.lu\/en\/#\/schema\/person\/7d4a56d2e3e5757766f5ed32bc1839a0","name":"Capner","image":{"@type":"ImageObject","inLanguage":"en-US","@id":"https:\/\/secure.gravatar.com\/avatar\/25d23b919730d994ef93eda2354affad8665dba581d918f724e847620e70ffc0?s=96&d=mm&r=g","url":"https:\/\/secure.gravatar.com\/avatar\/25d23b919730d994ef93eda2354affad8665dba581d918f724e847620e70ffc0?s=96&d=mm&r=g","contentUrl":"https:\/\/secure.gravatar.com\/avatar\/25d23b919730d994ef93eda2354affad8665dba581d918f724e847620e70ffc0?s=96&d=mm&r=g","caption":"Capner"},"sameAs":["https:\/\/staging4.team99.it"],"url":"https:\/\/capner.lu\/en\/author\/team99-2-2\/"}]}},"acf":[],"_links":{"self":[{"href":"https:\/\/capner.lu\/en\/wp-json\/wp\/v2\/posts\/2350","targetHints":{"allow":["GET"]}}],"collection":[{"href":"https:\/\/capner.lu\/en\/wp-json\/wp\/v2\/posts"}],"about":[{"href":"https:\/\/capner.lu\/en\/wp-json\/wp\/v2\/types\/post"}],"author":[{"embeddable":true,"href":"https:\/\/capner.lu\/en\/wp-json\/wp\/v2\/users\/2"}],"replies":[{"embeddable":true,"href":"https:\/\/capner.lu\/en\/wp-json\/wp\/v2\/comments?post=2350"}],"version-history":[{"count":0,"href":"https:\/\/capner.lu\/en\/wp-json\/wp\/v2\/posts\/2350\/revisions"}],"wp:featuredmedia":[{"embeddable":true,"href":"https:\/\/capner.lu\/en\/wp-json\/wp\/v2\/media\/2351"}],"wp:attachment":[{"href":"https:\/\/capner.lu\/en\/wp-json\/wp\/v2\/media?parent=2350"}],"wp:term":[{"taxonomy":"category","embeddable":true,"href":"https:\/\/capner.lu\/en\/wp-json\/wp\/v2\/categories?post=2350"},{"taxonomy":"post_tag","embeddable":true,"href":"https:\/\/capner.lu\/en\/wp-json\/wp\/v2\/tags?post=2350"}],"curies":[{"name":"wp","href":"https:\/\/api.w.org\/{rel}","templated":true}]}}