{"id":3777,"date":"2024-11-19T10:14:48","date_gmt":"2024-11-19T10:14:48","guid":{"rendered":"https:\/\/staging4.team99.it\/jusqua-625-de-reduction-ce-black-friday-rendez-votre-maison-independante-sur-le-plan-energetique-des-aujourdhui\/"},"modified":"2024-11-19T10:14:48","modified_gmt":"2024-11-19T10:14:48","slug":"jusqua-625-de-reduction-ce-black-friday-rendez-votre-maison-independante-sur-le-plan-energetique-des-aujourdhui","status":"publish","type":"post","link":"https:\/\/capner.lu\/en\/jusqua-625-de-reduction-ce-black-friday-rendez-votre-maison-independante-sur-le-plan-energetique-des-aujourdhui\/","title":{"rendered":"Jusqu\u2019\u00e0 62,5 % de r\u00e9duction durant cette Black Friday &#8211; Rendez votre maison ind\u00e9pendante sur le plan \u00e9nerg\u00e9tique d\u00e8s aujourd&#8217;hui !"},"content":{"rendered":"\n<p class=\"has-m-font-size\">Offres exclusives !Optez pour une installation de <strong>panneaux solaires<\/strong>, <strong>batteries de stockage<\/strong> et une <strong>borne de recharge<\/strong> pour votre v\u00e9hicule \u00e9lectrique. <strong>Jusqu\u2019au 13 d\u00e9cembre<\/strong> !<\/p>\n\n\n\n<p class=\"has-m-font-size\"><\/p>\n\n\n\n<div class=\"wp-block-group has-white-color has-dark-background-color has-text-color has-background has-link-color wp-elements-0676b6b47253f88b7d457349d7a2718e is-layout-flow wp-block-group-is-layout-flow\" style=\"margin-top:var(--wp--preset--spacing--40);margin-bottom:var(--wp--preset--spacing--40);padding-top:var(--wp--preset--spacing--20);padding-right:0;padding-bottom:var(--wp--preset--spacing--30);padding-left:0;font-style:normal;font-weight:600\">\n<p class=\"has-text-align-center has-l-font-size\" id=\"COUNTDOWN\"><strong>30g 23ore 11min<\/strong><\/p>\n<\/div>\n\n\n\n<script>\n    \/\/ Target date (13 December 2024)\n    const targetDate = new Date('2024-12-13T00:00:00').getTime();\n\n    \/\/ Update the countdown every second\n    const countdownInterval = setInterval(() => {\n      const now = new Date().getTime();\n      const distance = targetDate - now;\n\n      if (distance > 0) {\n        \/\/ Calculate remaining time\n        const days = Math.floor(distance \/ (1000 * 60 * 60 * 24));\n        const hours = Math.floor((distance % (1000 * 60 * 60 * 24)) \/ (1000 * 60 * 60));\n        const minutes = Math.floor((distance % (1000 * 60 * 60)) \/ (1000 * 60));\n        const seconds = Math.floor((distance % (1000 * 60)) \/ 1000);\n\n        \/\/ Update the element with the countdown\n        document.getElementById('COUNTDOWN').innerText = \n          `${days} jours | ${hours} heures | ${minutes} min restantes`;\n;\n      } \n    }, 1000);\n  <\/script>\n<\/body>\n\n\n\n<h3 class=\"wp-block-heading has-l-font-size\">Cette offre sp\u00e9ciale se termine le <strong>13 d\u00e9cembre<\/strong>. Ne ratez pas votre chance de faire des \u00e9conomies ! <strong>L&#8217;ind\u00e9pendance \u00e9nerg\u00e9tique commence ici<\/strong>:<\/h3>\n\n\n\n<div style=\"height:50px\" aria-hidden=\"true\" class=\"wp-block-spacer\"><\/div>\n\n\n\n<div class=\"wp-block-columns is-layout-flex wp-container-core-columns-is-layout-28f84493 wp-block-columns-is-layout-flex\">\n<div class=\"wp-block-column is-layout-flow wp-block-column-is-layout-flow\">\n<figure class=\"wp-block-image size-large\"><img decoding=\"async\" src=\"https:\/\/capner.lu\/wp-content\/uploads\/sites\/9\/sites\/9\/2024\/05\/capner_liberty_10_cover_logo-1024x1024.jpg\" alt=\"\" class=\"wp-image-1355\"\/><\/figure>\n<\/div>\n\n\n\n<div class=\"wp-block-column is-vertically-aligned-center is-layout-flow wp-block-column-is-layout-flow\">\n<h2 class=\"wp-block-heading has-primary-color has-text-color has-link-color wp-elements-a6836af9d1a3ef1f7f8fba12c6f846ef\"><strong>Batteries de Stockage<\/strong><\/h2>\n\n\n\n<p class=\"\">Stockez l&#8217;\u00e9nergie solaire pour le moment o\u00f9 vous en aurez le plus besoin, plus d&#8217;inqui\u00e9tude quant aux coupures de courant.<\/p>\n<\/div>\n<\/div>\n\n\n\n<div class=\"wp-block-columns is-layout-flex wp-container-core-columns-is-layout-28f84493 wp-block-columns-is-layout-flex\">\n<div class=\"wp-block-column is-layout-flow wp-block-column-is-layout-flow\">\n<div style=\"height:50px\" aria-hidden=\"true\" class=\"wp-block-spacer\"><\/div>\n\n\n\n<figure class=\"wp-block-image size-large\"><img decoding=\"async\" src=\"https:\/\/capner.lu\/wp-content\/uploads\/sites\/9\/sites\/9\/2024\/05\/capner_panneaux_photovoltaiques_cover_02-1024x1024.jpg\" alt=\"\" class=\"wp-image-1200\"\/><\/figure>\n<\/div>\n\n\n\n<div class=\"wp-block-column is-vertically-aligned-center is-layout-flow wp-block-column-is-layout-flow\">\n<h2 class=\"wp-block-heading has-primary-color has-text-color has-link-color wp-elements-99147acbd3befd8c6efa82a522f35d55\"><strong>Panneaux solaires<\/strong><\/h2>\n\n\n\n<h3 class=\"wp-block-heading\"><strong>AIKO 455wc<span style=\"color: revert; font-family: var(--wp--preset--font-family--yantramanav); font-size: var(--wp--preset--font-size--m); font-weight: 300; background-color: rgb(255, 255, 255);\"><\/span><\/strong><\/h3>\n\n\n\n<p class=\"\">Extra Full Black NEW g\u00e9n\u00e9ration, avec cellules ABC les plus performantes du march\u00e9<br><strong>Diodes BYpass :<\/strong>&nbsp;gestion de l\u2019ombrage.<\/p>\n\n\n\n<p class=\"\"><strong>R\u00e9duisez vos factures d&#8217;\u00e9nergie et ayez un impact positif sur l&#8217;environnement.<\/strong><\/p>\n<\/div>\n<\/div>\n\n\n\n<div class=\"wp-block-columns is-layout-flex wp-container-core-columns-is-layout-28f84493 wp-block-columns-is-layout-flex\">\n<div class=\"wp-block-column is-layout-flow wp-block-column-is-layout-flow\">\n<div style=\"height:50px\" aria-hidden=\"true\" class=\"wp-block-spacer\"><\/div>\n\n\n\n<figure class=\"wp-block-image size-large\"><img decoding=\"async\" src=\"https:\/\/capner.lu\/wp-content\/uploads\/sites\/9\/sites\/9\/2024\/07\/capner_ev_connect_cover-1024x1024.jpg\" alt=\"\" class=\"wp-image-1193\"\/><\/figure>\n<\/div>\n\n\n\n<div class=\"wp-block-column is-vertically-aligned-center is-layout-flow wp-block-column-is-layout-flow\">\n<h2 class=\"wp-block-heading has-primary-color has-text-color has-link-color wp-elements-f2612e3094ef22b7417bcfcf5a611936\"><strong>EV Connect<\/strong><\/h2>\n\n\n\n<p class=\"\">Notre borne EV Connect offre une <strong>gestion efficace et flexible de l\u2019\u00e9nergie<\/strong> avec un interface simple et intuitif, id\u00e9ale pour votre maison.<\/p>\n\n\n\n<p class=\"\"><\/p>\n<\/div>\n<\/div>\n\n\n\n<div class=\"wp-block-columns is-layout-flex wp-container-core-columns-is-layout-28f84493 wp-block-columns-is-layout-flex\">\n<div class=\"wp-block-column is-layout-flow wp-block-column-is-layout-flow\">\n<div style=\"height:50px\" aria-hidden=\"true\" class=\"wp-block-spacer\"><\/div>\n\n\n\n<figure class=\"wp-block-image size-large\"><img decoding=\"async\" src=\"https:\/\/capner.lu\/wp-content\/uploads\/sites\/9\/sites\/9\/2024\/07\/Capner_ev_power_cover-1024x1024.jpg\" alt=\"\" class=\"wp-image-1203\"\/><\/figure>\n<\/div>\n\n\n\n<div class=\"wp-block-column is-vertically-aligned-center is-layout-flow wp-block-column-is-layout-flow\">\n<h2 class=\"wp-block-heading has-primary-color has-text-color has-link-color wp-elements-73aba418b3651b4f34b3e60a423a68cb\"><strong>EV Power<\/strong><\/h2>\n\n\n\n<p class=\"\">Notre borne EV Power est con\u00e7ue pour une<strong> recharge rapide et flexible<\/strong>, r\u00e9duisant le temps d\u2019attente et offrant des performances sup\u00e9rieures.<\/p>\n\n\n\n<p class=\"\"><\/p>\n<\/div>\n<\/div>\n\n\n\n<div style=\"height:50px\" aria-hidden=\"true\" class=\"wp-block-spacer\"><\/div>\n\n\n\n<section class=\"wp-block-group alignfull sezione-recensioni has-primary-background-color has-background has-global-padding is-layout-constrained wp-container-core-group-is-layout-d0bd140b wp-block-group-is-layout-constrained\" style=\"padding-top:var(--wp--preset--spacing--30);padding-right:6vw;padding-bottom:var(--wp--preset--spacing--50);padding-left:6vw\">\n<h2 class=\"wp-block-heading has-text-align-center has-light-color has-text-color has-link-color has-l-font-size wp-elements-7a69ad3e3fcf78f743538f48043449ac\" style=\"margin-bottom:0\">De nombreuses personnes ont d\u00e9j\u00e0 choisi l&#8217;<strong>ind\u00e9pendance \u00e9nerg\u00e9tique<\/strong> \u2018off-grid\u2019 de Capner.<\/h2>\n\n\n\n<p class=\"has-text-align-center has-white-color has-text-color has-link-color wp-elements-71c29ff038918bed5e3aa861a08ebf77\">D\u00e9couvrez ce qu&#8217;ils disent de nous ci-dessous.<\/p>\n\n\n\n<div style=\"height:40px\" aria-hidden=\"true\" class=\"wp-block-spacer\"><\/div>\n\n\n\n<div class=\"wp-block-group single-recensione swiper-slide has-white-background-color has-background is-vertical is-layout-flex wp-container-core-group-is-layout-5ee61f30 wp-block-group-is-layout-flex\" style=\"border-radius:11px;padding-right:var(--wp--preset--spacing--20);padding-left:var(--wp--preset--spacing--20)\">\n<div class=\"wp-block-group is-nowrap is-layout-flex wp-container-core-group-is-layout-6c531013 wp-block-group-is-layout-flex\">\n<figure class=\"wp-block-image alignleft size-full\"><img decoding=\"async\" src=\"https:\/\/capner.lu\/lu\/wp-content\/uploads\/sites\/9\/sites\/9\/2024\/04\/rating-edited.png\" alt=\"\" class=\"wp-image-362\"\/><\/figure>\n<\/div>\n\n\n\n<p style=\"padding-top:0\" class=\"\">Capner est une soci\u00e9t\u00e9 remarquable dans le domaine des panneaux photovolta\u00efques, contribuant de mani\u00e8re significative \u00e0 l\u2019ind\u00e9pendance \u00e9nerg\u00e9tique gr\u00e2ce \u00e0 leurs solutions durables. Je recommande vivement !!<\/p>\n<\/div>\n\n\n\n<div style=\"height:50px\" aria-hidden=\"true\" class=\"wp-block-spacer\"><\/div>\n\n\n\n<div class=\"wp-block-group single-recensione swiper-slide has-white-background-color has-background is-vertical is-layout-flex wp-container-core-group-is-layout-5ee61f30 wp-block-group-is-layout-flex\" style=\"border-radius:11px;padding-right:var(--wp--preset--spacing--20);padding-left:var(--wp--preset--spacing--20)\">\n<div class=\"wp-block-group is-nowrap is-layout-flex wp-container-core-group-is-layout-6c531013 wp-block-group-is-layout-flex\">\n<figure class=\"wp-block-image alignleft size-full\"><img decoding=\"async\" src=\"https:\/\/capner.lu\/lu\/wp-content\/uploads\/sites\/9\/sites\/9\/2024\/04\/rating-edited.png\" alt=\"\" class=\"wp-image-362\"\/><\/figure>\n<\/div>\n\n\n\n<p style=\"padding-top:0\" class=\"\">Je suis tr\u00e8s satisfaite des services de CAPNER.Il se distinguent par leur engagement s\u00e9rieux, la qualit\u00e9 de leurs produits et leur \u00e9coute attentive du client tout au long du processus.Je recommande vivement CAPNER \u00e0 tous ceux qui recherchent un partenaire fiable et de confiance dans le domaine des panneaux solaires !<\/p>\n<\/div>\n\n\n\n<div class=\"wp-block-group is-content-justification-right is-nowrap is-layout-flex wp-container-core-group-is-layout-17124a9a wp-block-group-is-layout-flex\">\n<p class=\"has-white-color has-text-color has-link-color wp-elements-d7ad8ce805181a724985655650f55f73\">* Google Reviews<\/p>\n<\/div>\n<\/section>\n\n\n\n<div style=\"height:40px\" aria-hidden=\"true\" class=\"wp-block-spacer\"><\/div>\n\n\n\n<h2 class=\"wp-block-heading has-l-font-size\"><strong>Profitez de notre Black Friday!<\/strong><\/h2>\n\n\n\n<p class=\"\">Compl\u00e9tez le formulaire ci-dessous pour planifier votre consultation gratuite et commencer \u00e0 \u00e9conomiser avec Capner. Nos experts vous guideront pas \u00e0 pas vers l&#8217;ind\u00e9pendance \u00e9nerg\u00e9tique. <strong>Pas d&#8217;obligation, juste des conseils d&#8217;experts pour vous aider \u00e0 prendre la bonne d\u00e9cision.<\/strong><\/p>\n\n\n\n<div style=\"height:20px\" aria-hidden=\"true\" class=\"wp-block-spacer\"><\/div>\n\n\nPlease select a valid form\n","protected":false},"excerpt":{"rendered":"<p>Offres exclusives !Optez pour une installation de panneaux solaires, batteries de stockage et une borne de recharge pour votre v\u00e9hicule \u00e9lectrique. Jusqu\u2019au 13 d\u00e9cembre ! 30g 23ore 11min Cette offre sp\u00e9ciale se termine le 13 d\u00e9cembre. Ne ratez pas votre chance de faire des \u00e9conomies ! L&#8217;ind\u00e9pendance \u00e9nerg\u00e9tique commence ici: Batteries de Stockage Stockez l&#8217;\u00e9nergie [&hellip;]<\/p>\n","protected":false},"author":2,"featured_media":2286,"comment_status":"closed","ping_status":"closed","sticky":false,"template":"","format":"standard","meta":{"_acf_changed":false,"footnotes":""},"categories":[33],"tags":[],"class_list":["post-3777","post","type-post","status-publish","format-standard","has-post-thumbnail","hentry","category-news"],"yoast_head":"<!-- This site is optimized with the Yoast SEO plugin v27.5 - https:\/\/yoast.com\/product\/yoast-seo-wordpress\/ -->\n<title>Jusqu\u2019\u00e0 62,5 % de r\u00e9duction durant cette Black Friday - Rendez votre maison ind\u00e9pendante sur le plan \u00e9nerg\u00e9tique d\u00e8s aujourd&#039;hui ! - Capner LU<\/title>\n<meta name=\"robots\" content=\"index, follow, max-snippet:-1, max-image-preview:large, max-video-preview:-1\" \/>\n<link rel=\"canonical\" href=\"https:\/\/capner.lu\/en\/jusqua-625-de-reduction-ce-black-friday-rendez-votre-maison-independante-sur-le-plan-energetique-des-aujourdhui\/\" \/>\n<meta property=\"og:locale\" content=\"en_US\" \/>\n<meta property=\"og:type\" content=\"article\" \/>\n<meta property=\"og:title\" content=\"Jusqu\u2019\u00e0 62,5 % de r\u00e9duction durant cette Black Friday - Rendez votre maison ind\u00e9pendante sur le plan \u00e9nerg\u00e9tique d\u00e8s aujourd&#039;hui ! - Capner LU\" \/>\n<meta property=\"og:description\" content=\"Offres exclusives !Optez pour une installation de panneaux solaires, batteries de stockage et une borne de recharge pour votre v\u00e9hicule \u00e9lectrique. Jusqu\u2019au 13 d\u00e9cembre ! 30g 23ore 11min Cette offre sp\u00e9ciale se termine le 13 d\u00e9cembre. Ne ratez pas votre chance de faire des \u00e9conomies ! L&#8217;ind\u00e9pendance \u00e9nerg\u00e9tique commence ici: Batteries de Stockage Stockez l&#8217;\u00e9nergie [&hellip;]\" \/>\n<meta property=\"og:url\" content=\"https:\/\/capner.lu\/en\/jusqua-625-de-reduction-ce-black-friday-rendez-votre-maison-independante-sur-le-plan-energetique-des-aujourdhui\/\" \/>\n<meta property=\"og:site_name\" content=\"Capner LU\" \/>\n<meta property=\"article:published_time\" content=\"2024-11-19T10:14:48+00:00\" \/>\n<meta property=\"og:image\" content=\"https:\/\/capner.lu\/wp-content\/uploads\/sites\/9\/2025\/05\/Banner-Black-Friday-Landing-Page.jpg\" \/>\n\t<meta property=\"og:image:width\" content=\"1920\" \/>\n\t<meta property=\"og:image:height\" content=\"1080\" \/>\n\t<meta property=\"og:image:type\" content=\"image\/jpeg\" \/>\n<meta name=\"author\" content=\"Capner\" \/>\n<meta name=\"twitter:card\" content=\"summary_large_image\" \/>\n<meta name=\"twitter:label1\" content=\"Written by\" \/>\n\t<meta name=\"twitter:data1\" content=\"Capner\" \/>\n\t<meta name=\"twitter:label2\" content=\"Est. reading time\" \/>\n\t<meta name=\"twitter:data2\" content=\"2 minutes\" \/>\n<script type=\"application\/ld+json\" class=\"yoast-schema-graph\">{\"@context\":\"https:\\\/\\\/schema.org\",\"@graph\":[{\"@type\":\"Article\",\"@id\":\"https:\\\/\\\/capner.lu\\\/en\\\/jusqua-625-de-reduction-ce-black-friday-rendez-votre-maison-independante-sur-le-plan-energetique-des-aujourdhui\\\/#article\",\"isPartOf\":{\"@id\":\"https:\\\/\\\/capner.lu\\\/en\\\/jusqua-625-de-reduction-ce-black-friday-rendez-votre-maison-independante-sur-le-plan-energetique-des-aujourdhui\\\/\"},\"author\":{\"name\":\"Capner\",\"@id\":\"https:\\\/\\\/capner.lu\\\/en\\\/#\\\/schema\\\/person\\\/7d4a56d2e3e5757766f5ed32bc1839a0\"},\"headline\":\"Jusqu\u2019\u00e0 62,5 % de r\u00e9duction durant cette Black Friday &#8211; Rendez votre maison ind\u00e9pendante sur le plan \u00e9nerg\u00e9tique d\u00e8s aujourd&#8217;hui !\",\"datePublished\":\"2024-11-19T10:14:48+00:00\",\"mainEntityOfPage\":{\"@id\":\"https:\\\/\\\/capner.lu\\\/en\\\/jusqua-625-de-reduction-ce-black-friday-rendez-votre-maison-independante-sur-le-plan-energetique-des-aujourdhui\\\/\"},\"wordCount\":356,\"publisher\":{\"@id\":\"https:\\\/\\\/capner.lu\\\/en\\\/#organization\"},\"image\":{\"@id\":\"https:\\\/\\\/capner.lu\\\/en\\\/jusqua-625-de-reduction-ce-black-friday-rendez-votre-maison-independante-sur-le-plan-energetique-des-aujourdhui\\\/#primaryimage\"},\"thumbnailUrl\":\"https:\\\/\\\/capner.lu\\\/wp-content\\\/uploads\\\/sites\\\/9\\\/2025\\\/05\\\/Banner-Black-Friday-Landing-Page.jpg\",\"articleSection\":[\"News\"],\"inLanguage\":\"en-US\"},{\"@type\":\"WebPage\",\"@id\":\"https:\\\/\\\/capner.lu\\\/en\\\/jusqua-625-de-reduction-ce-black-friday-rendez-votre-maison-independante-sur-le-plan-energetique-des-aujourdhui\\\/\",\"url\":\"https:\\\/\\\/capner.lu\\\/en\\\/jusqua-625-de-reduction-ce-black-friday-rendez-votre-maison-independante-sur-le-plan-energetique-des-aujourdhui\\\/\",\"name\":\"Jusqu\u2019\u00e0 62,5 % de r\u00e9duction durant cette Black Friday - Rendez votre maison ind\u00e9pendante sur le plan \u00e9nerg\u00e9tique d\u00e8s aujourd'hui ! - Capner LU\",\"isPartOf\":{\"@id\":\"https:\\\/\\\/capner.lu\\\/en\\\/#website\"},\"primaryImageOfPage\":{\"@id\":\"https:\\\/\\\/capner.lu\\\/en\\\/jusqua-625-de-reduction-ce-black-friday-rendez-votre-maison-independante-sur-le-plan-energetique-des-aujourdhui\\\/#primaryimage\"},\"image\":{\"@id\":\"https:\\\/\\\/capner.lu\\\/en\\\/jusqua-625-de-reduction-ce-black-friday-rendez-votre-maison-independante-sur-le-plan-energetique-des-aujourdhui\\\/#primaryimage\"},\"thumbnailUrl\":\"https:\\\/\\\/capner.lu\\\/wp-content\\\/uploads\\\/sites\\\/9\\\/2025\\\/05\\\/Banner-Black-Friday-Landing-Page.jpg\",\"datePublished\":\"2024-11-19T10:14:48+00:00\",\"breadcrumb\":{\"@id\":\"https:\\\/\\\/capner.lu\\\/en\\\/jusqua-625-de-reduction-ce-black-friday-rendez-votre-maison-independante-sur-le-plan-energetique-des-aujourdhui\\\/#breadcrumb\"},\"inLanguage\":\"en-US\",\"potentialAction\":[{\"@type\":\"ReadAction\",\"target\":[\"https:\\\/\\\/capner.lu\\\/en\\\/jusqua-625-de-reduction-ce-black-friday-rendez-votre-maison-independante-sur-le-plan-energetique-des-aujourdhui\\\/\"]}]},{\"@type\":\"ImageObject\",\"inLanguage\":\"en-US\",\"@id\":\"https:\\\/\\\/capner.lu\\\/en\\\/jusqua-625-de-reduction-ce-black-friday-rendez-votre-maison-independante-sur-le-plan-energetique-des-aujourdhui\\\/#primaryimage\",\"url\":\"https:\\\/\\\/capner.lu\\\/wp-content\\\/uploads\\\/sites\\\/9\\\/2025\\\/05\\\/Banner-Black-Friday-Landing-Page.jpg\",\"contentUrl\":\"https:\\\/\\\/capner.lu\\\/wp-content\\\/uploads\\\/sites\\\/9\\\/2025\\\/05\\\/Banner-Black-Friday-Landing-Page.jpg\",\"width\":1920,\"height\":1080},{\"@type\":\"BreadcrumbList\",\"@id\":\"https:\\\/\\\/capner.lu\\\/en\\\/jusqua-625-de-reduction-ce-black-friday-rendez-votre-maison-independante-sur-le-plan-energetique-des-aujourdhui\\\/#breadcrumb\",\"itemListElement\":[{\"@type\":\"ListItem\",\"position\":1,\"name\":\"Home\",\"item\":\"https:\\\/\\\/capner.lu\\\/en\\\/\"},{\"@type\":\"ListItem\",\"position\":2,\"name\":\"Jusqu\u2019\u00e0 62,5 % de r\u00e9duction durant cette Black Friday &#8211; Rendez votre maison ind\u00e9pendante sur le plan \u00e9nerg\u00e9tique d\u00e8s aujourd&rsquo;hui !\"}]},{\"@type\":\"WebSite\",\"@id\":\"https:\\\/\\\/capner.lu\\\/en\\\/#website\",\"url\":\"https:\\\/\\\/capner.lu\\\/en\\\/\",\"name\":\"Capner LU\",\"description\":\"A world of possibilities\",\"publisher\":{\"@id\":\"https:\\\/\\\/capner.lu\\\/en\\\/#organization\"},\"potentialAction\":[{\"@type\":\"SearchAction\",\"target\":{\"@type\":\"EntryPoint\",\"urlTemplate\":\"https:\\\/\\\/capner.lu\\\/en\\\/?s={search_term_string}\"},\"query-input\":{\"@type\":\"PropertyValueSpecification\",\"valueRequired\":true,\"valueName\":\"search_term_string\"}}],\"inLanguage\":\"en-US\"},{\"@type\":\"Organization\",\"@id\":\"https:\\\/\\\/capner.lu\\\/en\\\/#organization\",\"name\":\"Capner LU\",\"url\":\"https:\\\/\\\/capner.lu\\\/en\\\/\",\"logo\":{\"@type\":\"ImageObject\",\"inLanguage\":\"en-US\",\"@id\":\"https:\\\/\\\/capner.lu\\\/en\\\/#\\\/schema\\\/logo\\\/image\\\/\",\"url\":\"https:\\\/\\\/capner.lu\\\/wp-content\\\/uploads\\\/sites\\\/9\\\/2025\\\/02\\\/capner-logo-svg.svg\",\"contentUrl\":\"https:\\\/\\\/capner.lu\\\/wp-content\\\/uploads\\\/sites\\\/9\\\/2025\\\/02\\\/capner-logo-svg.svg\",\"caption\":\"Capner LU\"},\"image\":{\"@id\":\"https:\\\/\\\/capner.lu\\\/en\\\/#\\\/schema\\\/logo\\\/image\\\/\"}},{\"@type\":\"Person\",\"@id\":\"https:\\\/\\\/capner.lu\\\/en\\\/#\\\/schema\\\/person\\\/7d4a56d2e3e5757766f5ed32bc1839a0\",\"name\":\"Capner\",\"image\":{\"@type\":\"ImageObject\",\"inLanguage\":\"en-US\",\"@id\":\"https:\\\/\\\/secure.gravatar.com\\\/avatar\\\/25d23b919730d994ef93eda2354affad8665dba581d918f724e847620e70ffc0?s=96&d=mm&r=g\",\"url\":\"https:\\\/\\\/secure.gravatar.com\\\/avatar\\\/25d23b919730d994ef93eda2354affad8665dba581d918f724e847620e70ffc0?s=96&d=mm&r=g\",\"contentUrl\":\"https:\\\/\\\/secure.gravatar.com\\\/avatar\\\/25d23b919730d994ef93eda2354affad8665dba581d918f724e847620e70ffc0?s=96&d=mm&r=g\",\"caption\":\"Capner\"},\"sameAs\":[\"https:\\\/\\\/staging4.team99.it\"],\"url\":\"https:\\\/\\\/capner.lu\\\/en\\\/author\\\/team99-2-2\\\/\"}]}<\/script>\n<!-- \/ Yoast SEO plugin. -->","yoast_head_json":{"title":"Jusqu\u2019\u00e0 62,5 % de r\u00e9duction durant cette Black Friday - Rendez votre maison ind\u00e9pendante sur le plan \u00e9nerg\u00e9tique d\u00e8s aujourd'hui ! - Capner LU","robots":{"index":"index","follow":"follow","max-snippet":"max-snippet:-1","max-image-preview":"max-image-preview:large","max-video-preview":"max-video-preview:-1"},"canonical":"https:\/\/capner.lu\/en\/jusqua-625-de-reduction-ce-black-friday-rendez-votre-maison-independante-sur-le-plan-energetique-des-aujourdhui\/","og_locale":"en_US","og_type":"article","og_title":"Jusqu\u2019\u00e0 62,5 % de r\u00e9duction durant cette Black Friday - Rendez votre maison ind\u00e9pendante sur le plan \u00e9nerg\u00e9tique d\u00e8s aujourd'hui ! - Capner LU","og_description":"Offres exclusives !Optez pour une installation de panneaux solaires, batteries de stockage et une borne de recharge pour votre v\u00e9hicule \u00e9lectrique. Jusqu\u2019au 13 d\u00e9cembre ! 30g 23ore 11min Cette offre sp\u00e9ciale se termine le 13 d\u00e9cembre. Ne ratez pas votre chance de faire des \u00e9conomies ! L&#8217;ind\u00e9pendance \u00e9nerg\u00e9tique commence ici: Batteries de Stockage Stockez l&#8217;\u00e9nergie [&hellip;]","og_url":"https:\/\/capner.lu\/en\/jusqua-625-de-reduction-ce-black-friday-rendez-votre-maison-independante-sur-le-plan-energetique-des-aujourdhui\/","og_site_name":"Capner LU","article_published_time":"2024-11-19T10:14:48+00:00","og_image":[{"width":1920,"height":1080,"url":"https:\/\/capner.lu\/wp-content\/uploads\/sites\/9\/2025\/05\/Banner-Black-Friday-Landing-Page.jpg","type":"image\/jpeg"}],"author":"Capner","twitter_card":"summary_large_image","twitter_misc":{"Written by":"Capner","Est. reading time":"2 minutes"},"schema":{"@context":"https:\/\/schema.org","@graph":[{"@type":"Article","@id":"https:\/\/capner.lu\/en\/jusqua-625-de-reduction-ce-black-friday-rendez-votre-maison-independante-sur-le-plan-energetique-des-aujourdhui\/#article","isPartOf":{"@id":"https:\/\/capner.lu\/en\/jusqua-625-de-reduction-ce-black-friday-rendez-votre-maison-independante-sur-le-plan-energetique-des-aujourdhui\/"},"author":{"name":"Capner","@id":"https:\/\/capner.lu\/en\/#\/schema\/person\/7d4a56d2e3e5757766f5ed32bc1839a0"},"headline":"Jusqu\u2019\u00e0 62,5 % de r\u00e9duction durant cette Black Friday &#8211; Rendez votre maison ind\u00e9pendante sur le plan \u00e9nerg\u00e9tique d\u00e8s aujourd&#8217;hui !","datePublished":"2024-11-19T10:14:48+00:00","mainEntityOfPage":{"@id":"https:\/\/capner.lu\/en\/jusqua-625-de-reduction-ce-black-friday-rendez-votre-maison-independante-sur-le-plan-energetique-des-aujourdhui\/"},"wordCount":356,"publisher":{"@id":"https:\/\/capner.lu\/en\/#organization"},"image":{"@id":"https:\/\/capner.lu\/en\/jusqua-625-de-reduction-ce-black-friday-rendez-votre-maison-independante-sur-le-plan-energetique-des-aujourdhui\/#primaryimage"},"thumbnailUrl":"https:\/\/capner.lu\/wp-content\/uploads\/sites\/9\/2025\/05\/Banner-Black-Friday-Landing-Page.jpg","articleSection":["News"],"inLanguage":"en-US"},{"@type":"WebPage","@id":"https:\/\/capner.lu\/en\/jusqua-625-de-reduction-ce-black-friday-rendez-votre-maison-independante-sur-le-plan-energetique-des-aujourdhui\/","url":"https:\/\/capner.lu\/en\/jusqua-625-de-reduction-ce-black-friday-rendez-votre-maison-independante-sur-le-plan-energetique-des-aujourdhui\/","name":"Jusqu\u2019\u00e0 62,5 % de r\u00e9duction durant cette Black Friday - Rendez votre maison ind\u00e9pendante sur le plan \u00e9nerg\u00e9tique d\u00e8s aujourd'hui ! - Capner LU","isPartOf":{"@id":"https:\/\/capner.lu\/en\/#website"},"primaryImageOfPage":{"@id":"https:\/\/capner.lu\/en\/jusqua-625-de-reduction-ce-black-friday-rendez-votre-maison-independante-sur-le-plan-energetique-des-aujourdhui\/#primaryimage"},"image":{"@id":"https:\/\/capner.lu\/en\/jusqua-625-de-reduction-ce-black-friday-rendez-votre-maison-independante-sur-le-plan-energetique-des-aujourdhui\/#primaryimage"},"thumbnailUrl":"https:\/\/capner.lu\/wp-content\/uploads\/sites\/9\/2025\/05\/Banner-Black-Friday-Landing-Page.jpg","datePublished":"2024-11-19T10:14:48+00:00","breadcrumb":{"@id":"https:\/\/capner.lu\/en\/jusqua-625-de-reduction-ce-black-friday-rendez-votre-maison-independante-sur-le-plan-energetique-des-aujourdhui\/#breadcrumb"},"inLanguage":"en-US","potentialAction":[{"@type":"ReadAction","target":["https:\/\/capner.lu\/en\/jusqua-625-de-reduction-ce-black-friday-rendez-votre-maison-independante-sur-le-plan-energetique-des-aujourdhui\/"]}]},{"@type":"ImageObject","inLanguage":"en-US","@id":"https:\/\/capner.lu\/en\/jusqua-625-de-reduction-ce-black-friday-rendez-votre-maison-independante-sur-le-plan-energetique-des-aujourdhui\/#primaryimage","url":"https:\/\/capner.lu\/wp-content\/uploads\/sites\/9\/2025\/05\/Banner-Black-Friday-Landing-Page.jpg","contentUrl":"https:\/\/capner.lu\/wp-content\/uploads\/sites\/9\/2025\/05\/Banner-Black-Friday-Landing-Page.jpg","width":1920,"height":1080},{"@type":"BreadcrumbList","@id":"https:\/\/capner.lu\/en\/jusqua-625-de-reduction-ce-black-friday-rendez-votre-maison-independante-sur-le-plan-energetique-des-aujourdhui\/#breadcrumb","itemListElement":[{"@type":"ListItem","position":1,"name":"Home","item":"https:\/\/capner.lu\/en\/"},{"@type":"ListItem","position":2,"name":"Jusqu\u2019\u00e0 62,5 % de r\u00e9duction durant cette Black Friday &#8211; Rendez votre maison ind\u00e9pendante sur le plan \u00e9nerg\u00e9tique d\u00e8s aujourd&rsquo;hui !"}]},{"@type":"WebSite","@id":"https:\/\/capner.lu\/en\/#website","url":"https:\/\/capner.lu\/en\/","name":"Capner LU","description":"A world of possibilities","publisher":{"@id":"https:\/\/capner.lu\/en\/#organization"},"potentialAction":[{"@type":"SearchAction","target":{"@type":"EntryPoint","urlTemplate":"https:\/\/capner.lu\/en\/?s={search_term_string}"},"query-input":{"@type":"PropertyValueSpecification","valueRequired":true,"valueName":"search_term_string"}}],"inLanguage":"en-US"},{"@type":"Organization","@id":"https:\/\/capner.lu\/en\/#organization","name":"Capner LU","url":"https:\/\/capner.lu\/en\/","logo":{"@type":"ImageObject","inLanguage":"en-US","@id":"https:\/\/capner.lu\/en\/#\/schema\/logo\/image\/","url":"https:\/\/capner.lu\/wp-content\/uploads\/sites\/9\/2025\/02\/capner-logo-svg.svg","contentUrl":"https:\/\/capner.lu\/wp-content\/uploads\/sites\/9\/2025\/02\/capner-logo-svg.svg","caption":"Capner LU"},"image":{"@id":"https:\/\/capner.lu\/en\/#\/schema\/logo\/image\/"}},{"@type":"Person","@id":"https:\/\/capner.lu\/en\/#\/schema\/person\/7d4a56d2e3e5757766f5ed32bc1839a0","name":"Capner","image":{"@type":"ImageObject","inLanguage":"en-US","@id":"https:\/\/secure.gravatar.com\/avatar\/25d23b919730d994ef93eda2354affad8665dba581d918f724e847620e70ffc0?s=96&d=mm&r=g","url":"https:\/\/secure.gravatar.com\/avatar\/25d23b919730d994ef93eda2354affad8665dba581d918f724e847620e70ffc0?s=96&d=mm&r=g","contentUrl":"https:\/\/secure.gravatar.com\/avatar\/25d23b919730d994ef93eda2354affad8665dba581d918f724e847620e70ffc0?s=96&d=mm&r=g","caption":"Capner"},"sameAs":["https:\/\/staging4.team99.it"],"url":"https:\/\/capner.lu\/en\/author\/team99-2-2\/"}]}},"acf":[],"_links":{"self":[{"href":"https:\/\/capner.lu\/en\/wp-json\/wp\/v2\/posts\/3777","targetHints":{"allow":["GET"]}}],"collection":[{"href":"https:\/\/capner.lu\/en\/wp-json\/wp\/v2\/posts"}],"about":[{"href":"https:\/\/capner.lu\/en\/wp-json\/wp\/v2\/types\/post"}],"author":[{"embeddable":true,"href":"https:\/\/capner.lu\/en\/wp-json\/wp\/v2\/users\/2"}],"replies":[{"embeddable":true,"href":"https:\/\/capner.lu\/en\/wp-json\/wp\/v2\/comments?post=3777"}],"version-history":[{"count":0,"href":"https:\/\/capner.lu\/en\/wp-json\/wp\/v2\/posts\/3777\/revisions"}],"wp:featuredmedia":[{"embeddable":true,"href":"https:\/\/capner.lu\/en\/wp-json\/wp\/v2\/media\/2286"}],"wp:attachment":[{"href":"https:\/\/capner.lu\/en\/wp-json\/wp\/v2\/media?parent=3777"}],"wp:term":[{"taxonomy":"category","embeddable":true,"href":"https:\/\/capner.lu\/en\/wp-json\/wp\/v2\/categories?post=3777"},{"taxonomy":"post_tag","embeddable":true,"href":"https:\/\/capner.lu\/en\/wp-json\/wp\/v2\/tags?post=3777"}],"curies":[{"name":"wp","href":"https:\/\/api.w.org\/{rel}","templated":true}]}}