{"id":3789,"date":"2025-06-04T07:06:50","date_gmt":"2025-06-04T07:06:50","guid":{"rendered":"https:\/\/staging4.team99.it\/participez-a-la-journee-portes-ouvertes-de-capner-7-juin\/"},"modified":"2025-06-04T07:06:50","modified_gmt":"2025-06-04T07:06:50","slug":"participez-a-la-journee-portes-ouvertes-de-capner-7-juin","status":"publish","type":"post","link":"https:\/\/capner.lu\/en\/participez-a-la-journee-portes-ouvertes-de-capner-7-juin\/","title":{"rendered":"Participez \u00e0 la Journ\u00e9e Portes Ouvertes de Capner"},"content":{"rendered":"\n<h2 class=\"wp-block-heading has-text-align-left has-primary-color has-text-color has-link-color wp-elements-cef0a954cf48ccab90846637f0d82792\"><strong>Journ\u00e9e Portes Ouvertes<\/strong> \u2013 CAPNER Luxembourg<\/h2>\n\n\n\n<p class=\"has-text-align-left has-m-font-size\">Notre showroom vous ouvre ses portes \u00e0 Rue Christophe Plantin, 5.<\/p>\n\n\n\n<div style=\"height:50px\" aria-hidden=\"true\" class=\"wp-block-spacer\"><\/div>\n\n\n\n<hr class=\"wp-block-separator has-text-color has-primary-color has-alpha-channel-opacity has-primary-background-color has-background is-style-wide\"\/>\n\n\n\n<p class=\"has-text-align-left has-dark-color has-text-color has-link-color has-m-font-size wp-elements-fef6aca78d69885fb5da8ea39073699e\"> \ufe0f <strong>DATE<\/strong>: 7 juin 2025<\/p>\n\n\n\n<p class=\"has-text-align-left has-dark-color has-text-color has-link-color has-m-font-size wp-elements-6bc74eaa7d276681c7bb0a24829d5a41\">  <strong>HEURE<\/strong>: De 10:00 \u00e0 18:00<\/p>\n\n\n\n<p class=\"has-text-align-left has-dark-color has-text-color has-link-color has-m-font-size wp-elements-e47a966a86048dac0334dd8d34f27a5b\"> \u200b\u200b <strong>\u00c0 15h<\/strong>: Pr\u00e9sentation exclusive\u2028<em>&#8220;Faire des \u00e9conomies gr\u00e2ce \u00e0 nos solutions innovantes en \u00e9nergie renouvelable&#8221;<\/em><\/p>\n\n\n\n<p class=\"has-text-align-left has-dark-color has-text-color has-link-color has-m-font-size wp-elements-ac2c23e3a8edc4bf324be60cd36adb5c\">  <strong>LIEU<\/strong>: <a href=\"https:\/\/www.google.com\/maps\/place\/\/data=!4m2!3m1!1s0x4795494a9d427863:0x6588ae5ea028a3f6?sa=X&amp;ved=1t:8290&amp;ictx=111\" target=\"_blank\" rel=\"noreferrer noopener\">Rue Christophe Plantin 5, L-2339 Luxembourg<\/a><br>(\u00e0 c\u00f4t\u00e9 de BMW)<\/p>\n\n\n\n<div style=\"height:20px\" aria-hidden=\"true\" class=\"wp-block-spacer\"><\/div>\n\n\n\n<hr class=\"wp-block-separator has-text-color has-primary-color has-alpha-channel-opacity has-primary-background-color has-background is-style-wide\"\/>\n\n\n\n<div style=\"height:50px\" aria-hidden=\"true\" class=\"wp-block-spacer\"><\/div>\n\n\n\n<div class=\"wp-block-group has-bg-section-background-color has-background has-global-padding is-layout-constrained wp-block-group-is-layout-constrained\">\n<h3 class=\"wp-block-heading has-dark-color has-text-color has-link-color has-xl-font-size wp-elements-300f4247f06b9b6f3b016e1b727bf235\"><strong>D\u00e9couvrez nos solutions d&#8217;\u00e9nergie renouvelable :\u2028<br><\/strong><\/h3>\n\n\n\n<p class=\"has-m-font-size\">Panneaux Photovolta\u00efques<\/p>\n\n\n\n<hr class=\"wp-block-separator has-text-color has-primary-color has-alpha-channel-opacity has-primary-background-color has-background is-style-wide\" style=\"margin-top:var(--wp--preset--spacing--20);margin-bottom:var(--wp--preset--spacing--20)\"\/>\n\n\n\n<p class=\"has-m-font-size\">Batteries de stockage<\/p>\n\n\n\n<hr class=\"wp-block-separator has-text-color has-primary-color has-alpha-channel-opacity has-primary-background-color has-background is-style-wide\" style=\"margin-top:var(--wp--preset--spacing--20);margin-bottom:var(--wp--preset--spacing--20)\"\/>\n\n\n\n<p class=\"has-m-font-size\">Onduleurs<\/p>\n\n\n\n<hr class=\"wp-block-separator has-text-color has-primary-color has-alpha-channel-opacity has-primary-background-color has-background is-style-wide\" style=\"margin-top:var(--wp--preset--spacing--20);margin-bottom:var(--wp--preset--spacing--20)\"\/>\n\n\n\n<p class=\"has-m-font-size\">Bornes de recharge<\/p>\n\n\n\n<hr class=\"wp-block-separator has-text-color has-primary-color has-alpha-channel-opacity has-primary-background-color has-background is-style-wide\" style=\"margin-top:var(--wp--preset--spacing--20);margin-bottom:var(--wp--preset--spacing--20)\"\/>\n\n\n\n<p class=\"has-m-font-size\">Nouveau Boiler Thermodynamique ALL IN ONE<\/p>\n\n\n\n<p class=\"\"><\/p>\n\n\n\n<figure class=\"wp-block-image aligncenter size-large is-resized\"><img decoding=\"async\" src=\"https:\/\/capner.lu\/wp-content\/uploads\/sites\/9\/sites\/9\/2025\/02\/Banner-Newsletter-Journee-Portes-Ouvertes-1024x778.jpg\" alt=\"\" class=\"wp-image-2120\" style=\"width:700px\"\/><\/figure>\n\n\n\n<div style=\"height:100px\" aria-hidden=\"true\" class=\"wp-block-spacer\"><\/div>\n<\/div>\n\n\n\n<p class=\"has-text-align-left has-m-font-size\"><strong>Venez rencontrer nos experts, poser vos questions, et voir nos produits en fonctionnement r\u00e9el. Ensemble, construisons votre autonomie \u00e9nerg\u00e9tique.<\/strong><\/p>\n","protected":false},"excerpt":{"rendered":"<p>Journ\u00e9e Portes Ouvertes \u2013 CAPNER Luxembourg Notre showroom vous ouvre ses portes \u00e0 Rue Christophe Plantin, 5. \ufe0f DATE: 7 juin 2025 HEURE: De 10:00 \u00e0 18:00 \u200b\u200b \u00c0 15h: Pr\u00e9sentation exclusive\u2028&#8220;Faire des \u00e9conomies gr\u00e2ce \u00e0 nos solutions innovantes en \u00e9nergie renouvelable&#8221; LIEU: Rue Christophe Plantin 5, L-2339 Luxembourg(\u00e0 c\u00f4t\u00e9 de BMW) D\u00e9couvrez nos solutions [&hellip;]<\/p>\n","protected":false},"author":2,"featured_media":3764,"comment_status":"closed","ping_status":"closed","sticky":false,"template":"","format":"standard","meta":{"_acf_changed":false,"footnotes":""},"categories":[37],"tags":[],"class_list":["post-3789","post","type-post","status-publish","format-standard","has-post-thumbnail","hentry","category-newsnews"],"yoast_head":"<!-- This site is optimized with the Yoast SEO plugin v27.5 - https:\/\/yoast.com\/product\/yoast-seo-wordpress\/ -->\n<title>Participez \u00e0 la Journ\u00e9e Portes Ouvertes de Capner - Capner LU<\/title>\n<meta name=\"robots\" content=\"index, follow, max-snippet:-1, max-image-preview:large, max-video-preview:-1\" \/>\n<link rel=\"canonical\" href=\"https:\/\/capner.lu\/en\/participez-a-la-journee-portes-ouvertes-de-capner-7-juin\/\" \/>\n<meta property=\"og:locale\" content=\"en_US\" \/>\n<meta property=\"og:type\" content=\"article\" \/>\n<meta property=\"og:title\" content=\"Participez \u00e0 la Journ\u00e9e Portes Ouvertes de Capner - Capner LU\" \/>\n<meta property=\"og:description\" content=\"Journ\u00e9e Portes Ouvertes \u2013 CAPNER Luxembourg Notre showroom vous ouvre ses portes \u00e0 Rue Christophe Plantin, 5. \ufe0f DATE: 7 juin 2025 HEURE: De 10:00 \u00e0 18:00 \u200b\u200b \u00c0 15h: Pr\u00e9sentation exclusive\u2028&#8220;Faire des \u00e9conomies gr\u00e2ce \u00e0 nos solutions innovantes en \u00e9nergie renouvelable&#8221; LIEU: Rue Christophe Plantin 5, L-2339 Luxembourg(\u00e0 c\u00f4t\u00e9 de BMW) D\u00e9couvrez nos solutions [&hellip;]\" \/>\n<meta property=\"og:url\" content=\"https:\/\/capner.lu\/en\/participez-a-la-journee-portes-ouvertes-de-capner-7-juin\/\" \/>\n<meta property=\"og:site_name\" content=\"Capner LU\" \/>\n<meta property=\"article:published_time\" content=\"2025-06-04T07:06:50+00:00\" \/>\n<meta property=\"og:image\" content=\"https:\/\/capner.lu\/wp-content\/uploads\/sites\/9\/2025\/07\/Banner-Journee-Portes-Ouvertes-7-juin-scaled-1.jpg\" \/>\n\t<meta property=\"og:image:width\" content=\"2560\" \/>\n\t<meta property=\"og:image:height\" content=\"1946\" \/>\n\t<meta property=\"og:image:type\" content=\"image\/jpeg\" \/>\n<meta name=\"author\" content=\"Capner\" \/>\n<meta name=\"twitter:card\" content=\"summary_large_image\" \/>\n<meta name=\"twitter:label1\" content=\"Written by\" \/>\n\t<meta name=\"twitter:data1\" content=\"Capner\" \/>\n<script type=\"application\/ld+json\" class=\"yoast-schema-graph\">{\"@context\":\"https:\\\/\\\/schema.org\",\"@graph\":[{\"@type\":\"Article\",\"@id\":\"https:\\\/\\\/capner.lu\\\/en\\\/participez-a-la-journee-portes-ouvertes-de-capner-7-juin\\\/#article\",\"isPartOf\":{\"@id\":\"https:\\\/\\\/capner.lu\\\/en\\\/participez-a-la-journee-portes-ouvertes-de-capner-7-juin\\\/\"},\"author\":{\"name\":\"Capner\",\"@id\":\"https:\\\/\\\/capner.lu\\\/en\\\/#\\\/schema\\\/person\\\/7d4a56d2e3e5757766f5ed32bc1839a0\"},\"headline\":\"Participez \u00e0 la Journ\u00e9e Portes Ouvertes de Capner\",\"datePublished\":\"2025-06-04T07:06:50+00:00\",\"mainEntityOfPage\":{\"@id\":\"https:\\\/\\\/capner.lu\\\/en\\\/participez-a-la-journee-portes-ouvertes-de-capner-7-juin\\\/\"},\"wordCount\":96,\"publisher\":{\"@id\":\"https:\\\/\\\/capner.lu\\\/en\\\/#organization\"},\"image\":{\"@id\":\"https:\\\/\\\/capner.lu\\\/en\\\/participez-a-la-journee-portes-ouvertes-de-capner-7-juin\\\/#primaryimage\"},\"thumbnailUrl\":\"https:\\\/\\\/capner.lu\\\/wp-content\\\/uploads\\\/sites\\\/9\\\/2025\\\/07\\\/Banner-Journee-Portes-Ouvertes-7-juin-scaled-1.jpg\",\"articleSection\":[\"News|News\"],\"inLanguage\":\"en-US\"},{\"@type\":\"WebPage\",\"@id\":\"https:\\\/\\\/capner.lu\\\/en\\\/participez-a-la-journee-portes-ouvertes-de-capner-7-juin\\\/\",\"url\":\"https:\\\/\\\/capner.lu\\\/en\\\/participez-a-la-journee-portes-ouvertes-de-capner-7-juin\\\/\",\"name\":\"Participez \u00e0 la Journ\u00e9e Portes Ouvertes de Capner - Capner LU\",\"isPartOf\":{\"@id\":\"https:\\\/\\\/capner.lu\\\/en\\\/#website\"},\"primaryImageOfPage\":{\"@id\":\"https:\\\/\\\/capner.lu\\\/en\\\/participez-a-la-journee-portes-ouvertes-de-capner-7-juin\\\/#primaryimage\"},\"image\":{\"@id\":\"https:\\\/\\\/capner.lu\\\/en\\\/participez-a-la-journee-portes-ouvertes-de-capner-7-juin\\\/#primaryimage\"},\"thumbnailUrl\":\"https:\\\/\\\/capner.lu\\\/wp-content\\\/uploads\\\/sites\\\/9\\\/2025\\\/07\\\/Banner-Journee-Portes-Ouvertes-7-juin-scaled-1.jpg\",\"datePublished\":\"2025-06-04T07:06:50+00:00\",\"breadcrumb\":{\"@id\":\"https:\\\/\\\/capner.lu\\\/en\\\/participez-a-la-journee-portes-ouvertes-de-capner-7-juin\\\/#breadcrumb\"},\"inLanguage\":\"en-US\",\"potentialAction\":[{\"@type\":\"ReadAction\",\"target\":[\"https:\\\/\\\/capner.lu\\\/en\\\/participez-a-la-journee-portes-ouvertes-de-capner-7-juin\\\/\"]}]},{\"@type\":\"ImageObject\",\"inLanguage\":\"en-US\",\"@id\":\"https:\\\/\\\/capner.lu\\\/en\\\/participez-a-la-journee-portes-ouvertes-de-capner-7-juin\\\/#primaryimage\",\"url\":\"https:\\\/\\\/capner.lu\\\/wp-content\\\/uploads\\\/sites\\\/9\\\/2025\\\/07\\\/Banner-Journee-Portes-Ouvertes-7-juin-scaled-1.jpg\",\"contentUrl\":\"https:\\\/\\\/capner.lu\\\/wp-content\\\/uploads\\\/sites\\\/9\\\/2025\\\/07\\\/Banner-Journee-Portes-Ouvertes-7-juin-scaled-1.jpg\",\"width\":2560,\"height\":1946},{\"@type\":\"BreadcrumbList\",\"@id\":\"https:\\\/\\\/capner.lu\\\/en\\\/participez-a-la-journee-portes-ouvertes-de-capner-7-juin\\\/#breadcrumb\",\"itemListElement\":[{\"@type\":\"ListItem\",\"position\":1,\"name\":\"Home\",\"item\":\"https:\\\/\\\/capner.lu\\\/en\\\/\"},{\"@type\":\"ListItem\",\"position\":2,\"name\":\"Participez \u00e0 la Journ\u00e9e Portes Ouvertes de Capner\"}]},{\"@type\":\"WebSite\",\"@id\":\"https:\\\/\\\/capner.lu\\\/en\\\/#website\",\"url\":\"https:\\\/\\\/capner.lu\\\/en\\\/\",\"name\":\"Capner LU\",\"description\":\"A world of possibilities\",\"publisher\":{\"@id\":\"https:\\\/\\\/capner.lu\\\/en\\\/#organization\"},\"potentialAction\":[{\"@type\":\"SearchAction\",\"target\":{\"@type\":\"EntryPoint\",\"urlTemplate\":\"https:\\\/\\\/capner.lu\\\/en\\\/?s={search_term_string}\"},\"query-input\":{\"@type\":\"PropertyValueSpecification\",\"valueRequired\":true,\"valueName\":\"search_term_string\"}}],\"inLanguage\":\"en-US\"},{\"@type\":\"Organization\",\"@id\":\"https:\\\/\\\/capner.lu\\\/en\\\/#organization\",\"name\":\"Capner LU\",\"url\":\"https:\\\/\\\/capner.lu\\\/en\\\/\",\"logo\":{\"@type\":\"ImageObject\",\"inLanguage\":\"en-US\",\"@id\":\"https:\\\/\\\/capner.lu\\\/en\\\/#\\\/schema\\\/logo\\\/image\\\/\",\"url\":\"https:\\\/\\\/capner.lu\\\/wp-content\\\/uploads\\\/sites\\\/9\\\/2025\\\/02\\\/capner-logo-svg.svg\",\"contentUrl\":\"https:\\\/\\\/capner.lu\\\/wp-content\\\/uploads\\\/sites\\\/9\\\/2025\\\/02\\\/capner-logo-svg.svg\",\"caption\":\"Capner LU\"},\"image\":{\"@id\":\"https:\\\/\\\/capner.lu\\\/en\\\/#\\\/schema\\\/logo\\\/image\\\/\"}},{\"@type\":\"Person\",\"@id\":\"https:\\\/\\\/capner.lu\\\/en\\\/#\\\/schema\\\/person\\\/7d4a56d2e3e5757766f5ed32bc1839a0\",\"name\":\"Capner\",\"image\":{\"@type\":\"ImageObject\",\"inLanguage\":\"en-US\",\"@id\":\"https:\\\/\\\/secure.gravatar.com\\\/avatar\\\/25d23b919730d994ef93eda2354affad8665dba581d918f724e847620e70ffc0?s=96&d=mm&r=g\",\"url\":\"https:\\\/\\\/secure.gravatar.com\\\/avatar\\\/25d23b919730d994ef93eda2354affad8665dba581d918f724e847620e70ffc0?s=96&d=mm&r=g\",\"contentUrl\":\"https:\\\/\\\/secure.gravatar.com\\\/avatar\\\/25d23b919730d994ef93eda2354affad8665dba581d918f724e847620e70ffc0?s=96&d=mm&r=g\",\"caption\":\"Capner\"},\"sameAs\":[\"https:\\\/\\\/staging4.team99.it\"],\"url\":\"https:\\\/\\\/capner.lu\\\/en\\\/author\\\/team99-2-2\\\/\"}]}<\/script>\n<!-- \/ Yoast SEO plugin. -->","yoast_head_json":{"title":"Participez \u00e0 la Journ\u00e9e Portes Ouvertes de Capner - Capner LU","robots":{"index":"index","follow":"follow","max-snippet":"max-snippet:-1","max-image-preview":"max-image-preview:large","max-video-preview":"max-video-preview:-1"},"canonical":"https:\/\/capner.lu\/en\/participez-a-la-journee-portes-ouvertes-de-capner-7-juin\/","og_locale":"en_US","og_type":"article","og_title":"Participez \u00e0 la Journ\u00e9e Portes Ouvertes de Capner - Capner LU","og_description":"Journ\u00e9e Portes Ouvertes \u2013 CAPNER Luxembourg Notre showroom vous ouvre ses portes \u00e0 Rue Christophe Plantin, 5. \ufe0f DATE: 7 juin 2025 HEURE: De 10:00 \u00e0 18:00 \u200b\u200b \u00c0 15h: Pr\u00e9sentation exclusive\u2028&#8220;Faire des \u00e9conomies gr\u00e2ce \u00e0 nos solutions innovantes en \u00e9nergie renouvelable&#8221; LIEU: Rue Christophe Plantin 5, L-2339 Luxembourg(\u00e0 c\u00f4t\u00e9 de BMW) D\u00e9couvrez nos solutions [&hellip;]","og_url":"https:\/\/capner.lu\/en\/participez-a-la-journee-portes-ouvertes-de-capner-7-juin\/","og_site_name":"Capner LU","article_published_time":"2025-06-04T07:06:50+00:00","og_image":[{"width":2560,"height":1946,"url":"https:\/\/capner.lu\/wp-content\/uploads\/sites\/9\/2025\/07\/Banner-Journee-Portes-Ouvertes-7-juin-scaled-1.jpg","type":"image\/jpeg"}],"author":"Capner","twitter_card":"summary_large_image","twitter_misc":{"Written by":"Capner"},"schema":{"@context":"https:\/\/schema.org","@graph":[{"@type":"Article","@id":"https:\/\/capner.lu\/en\/participez-a-la-journee-portes-ouvertes-de-capner-7-juin\/#article","isPartOf":{"@id":"https:\/\/capner.lu\/en\/participez-a-la-journee-portes-ouvertes-de-capner-7-juin\/"},"author":{"name":"Capner","@id":"https:\/\/capner.lu\/en\/#\/schema\/person\/7d4a56d2e3e5757766f5ed32bc1839a0"},"headline":"Participez \u00e0 la Journ\u00e9e Portes Ouvertes de Capner","datePublished":"2025-06-04T07:06:50+00:00","mainEntityOfPage":{"@id":"https:\/\/capner.lu\/en\/participez-a-la-journee-portes-ouvertes-de-capner-7-juin\/"},"wordCount":96,"publisher":{"@id":"https:\/\/capner.lu\/en\/#organization"},"image":{"@id":"https:\/\/capner.lu\/en\/participez-a-la-journee-portes-ouvertes-de-capner-7-juin\/#primaryimage"},"thumbnailUrl":"https:\/\/capner.lu\/wp-content\/uploads\/sites\/9\/2025\/07\/Banner-Journee-Portes-Ouvertes-7-juin-scaled-1.jpg","articleSection":["News|News"],"inLanguage":"en-US"},{"@type":"WebPage","@id":"https:\/\/capner.lu\/en\/participez-a-la-journee-portes-ouvertes-de-capner-7-juin\/","url":"https:\/\/capner.lu\/en\/participez-a-la-journee-portes-ouvertes-de-capner-7-juin\/","name":"Participez \u00e0 la Journ\u00e9e Portes Ouvertes de Capner - Capner LU","isPartOf":{"@id":"https:\/\/capner.lu\/en\/#website"},"primaryImageOfPage":{"@id":"https:\/\/capner.lu\/en\/participez-a-la-journee-portes-ouvertes-de-capner-7-juin\/#primaryimage"},"image":{"@id":"https:\/\/capner.lu\/en\/participez-a-la-journee-portes-ouvertes-de-capner-7-juin\/#primaryimage"},"thumbnailUrl":"https:\/\/capner.lu\/wp-content\/uploads\/sites\/9\/2025\/07\/Banner-Journee-Portes-Ouvertes-7-juin-scaled-1.jpg","datePublished":"2025-06-04T07:06:50+00:00","breadcrumb":{"@id":"https:\/\/capner.lu\/en\/participez-a-la-journee-portes-ouvertes-de-capner-7-juin\/#breadcrumb"},"inLanguage":"en-US","potentialAction":[{"@type":"ReadAction","target":["https:\/\/capner.lu\/en\/participez-a-la-journee-portes-ouvertes-de-capner-7-juin\/"]}]},{"@type":"ImageObject","inLanguage":"en-US","@id":"https:\/\/capner.lu\/en\/participez-a-la-journee-portes-ouvertes-de-capner-7-juin\/#primaryimage","url":"https:\/\/capner.lu\/wp-content\/uploads\/sites\/9\/2025\/07\/Banner-Journee-Portes-Ouvertes-7-juin-scaled-1.jpg","contentUrl":"https:\/\/capner.lu\/wp-content\/uploads\/sites\/9\/2025\/07\/Banner-Journee-Portes-Ouvertes-7-juin-scaled-1.jpg","width":2560,"height":1946},{"@type":"BreadcrumbList","@id":"https:\/\/capner.lu\/en\/participez-a-la-journee-portes-ouvertes-de-capner-7-juin\/#breadcrumb","itemListElement":[{"@type":"ListItem","position":1,"name":"Home","item":"https:\/\/capner.lu\/en\/"},{"@type":"ListItem","position":2,"name":"Participez \u00e0 la Journ\u00e9e Portes Ouvertes de Capner"}]},{"@type":"WebSite","@id":"https:\/\/capner.lu\/en\/#website","url":"https:\/\/capner.lu\/en\/","name":"Capner LU","description":"A world of possibilities","publisher":{"@id":"https:\/\/capner.lu\/en\/#organization"},"potentialAction":[{"@type":"SearchAction","target":{"@type":"EntryPoint","urlTemplate":"https:\/\/capner.lu\/en\/?s={search_term_string}"},"query-input":{"@type":"PropertyValueSpecification","valueRequired":true,"valueName":"search_term_string"}}],"inLanguage":"en-US"},{"@type":"Organization","@id":"https:\/\/capner.lu\/en\/#organization","name":"Capner LU","url":"https:\/\/capner.lu\/en\/","logo":{"@type":"ImageObject","inLanguage":"en-US","@id":"https:\/\/capner.lu\/en\/#\/schema\/logo\/image\/","url":"https:\/\/capner.lu\/wp-content\/uploads\/sites\/9\/2025\/02\/capner-logo-svg.svg","contentUrl":"https:\/\/capner.lu\/wp-content\/uploads\/sites\/9\/2025\/02\/capner-logo-svg.svg","caption":"Capner LU"},"image":{"@id":"https:\/\/capner.lu\/en\/#\/schema\/logo\/image\/"}},{"@type":"Person","@id":"https:\/\/capner.lu\/en\/#\/schema\/person\/7d4a56d2e3e5757766f5ed32bc1839a0","name":"Capner","image":{"@type":"ImageObject","inLanguage":"en-US","@id":"https:\/\/secure.gravatar.com\/avatar\/25d23b919730d994ef93eda2354affad8665dba581d918f724e847620e70ffc0?s=96&d=mm&r=g","url":"https:\/\/secure.gravatar.com\/avatar\/25d23b919730d994ef93eda2354affad8665dba581d918f724e847620e70ffc0?s=96&d=mm&r=g","contentUrl":"https:\/\/secure.gravatar.com\/avatar\/25d23b919730d994ef93eda2354affad8665dba581d918f724e847620e70ffc0?s=96&d=mm&r=g","caption":"Capner"},"sameAs":["https:\/\/staging4.team99.it"],"url":"https:\/\/capner.lu\/en\/author\/team99-2-2\/"}]}},"acf":[],"_links":{"self":[{"href":"https:\/\/capner.lu\/en\/wp-json\/wp\/v2\/posts\/3789","targetHints":{"allow":["GET"]}}],"collection":[{"href":"https:\/\/capner.lu\/en\/wp-json\/wp\/v2\/posts"}],"about":[{"href":"https:\/\/capner.lu\/en\/wp-json\/wp\/v2\/types\/post"}],"author":[{"embeddable":true,"href":"https:\/\/capner.lu\/en\/wp-json\/wp\/v2\/users\/2"}],"replies":[{"embeddable":true,"href":"https:\/\/capner.lu\/en\/wp-json\/wp\/v2\/comments?post=3789"}],"version-history":[{"count":0,"href":"https:\/\/capner.lu\/en\/wp-json\/wp\/v2\/posts\/3789\/revisions"}],"wp:featuredmedia":[{"embeddable":true,"href":"https:\/\/capner.lu\/en\/wp-json\/wp\/v2\/media\/3764"}],"wp:attachment":[{"href":"https:\/\/capner.lu\/en\/wp-json\/wp\/v2\/media?parent=3789"}],"wp:term":[{"taxonomy":"category","embeddable":true,"href":"https:\/\/capner.lu\/en\/wp-json\/wp\/v2\/categories?post=3789"},{"taxonomy":"post_tag","embeddable":true,"href":"https:\/\/capner.lu\/en\/wp-json\/wp\/v2\/tags?post=3789"}],"curies":[{"name":"wp","href":"https:\/\/api.w.org\/{rel}","templated":true}]}}